{"id":726,"date":"2019-06-18T09:00:28","date_gmt":"2019-06-18T07:00:28","guid":{"rendered":"http:\/\/cq7d.fr\/?p=726"},"modified":"2019-07-17T20:20:41","modified_gmt":"2019-07-17T18:20:41","slug":"en-selle-deniers-menacee-mobilisez-vous","status":"publish","type":"post","link":"https:\/\/cq7d.fr\/index.php\/2019\/06\/18\/en-selle-deniers-menacee-mobilisez-vous\/","title":{"rendered":"En Selle Deniers menac\u00e9e : mobilisez-vous !"},"content":{"rendered":"\n<p><strong>Le comit\u00e9 de quartier soutient l&rsquo;<a href=\"https:\/\/www.facebook.com\/events\/espace-job\/en-selle-deniers-atelier-v\u00e9lo-participatif\/1207221689302277\/\">Association<\/a> dont l&rsquo;Atelier v\u00e9lo associatif et toutes ses activit\u00e9s sont menac\u00e9s en raison du doublement du loyer de son local situ\u00e9 Cit\u00e9 Madrid.<\/strong><\/p>\n\n\n\n<div class=\"wp-block-image\"><figure class=\"aligncenter\"><img loading=\"lazy\" decoding=\"async\" width=\"300\" height=\"221\" src=\"https:\/\/cq7d.fr\/wp-content\/uploads\/2019\/06\/Capture-d\u2019\u00e9cran-2019-06-18-\u00e0-09.01.24-300x221.jpg\" alt=\"\" class=\"wp-image-729\" srcset=\"https:\/\/cq7d.fr\/wp-content\/uploads\/2019\/06\/Capture-d\u2019\u00e9cran-2019-06-18-\u00e0-09.01.24-300x221.jpg 300w, https:\/\/cq7d.fr\/wp-content\/uploads\/2019\/06\/Capture-d\u2019\u00e9cran-2019-06-18-\u00e0-09.01.24.jpg 561w\" sizes=\"auto, (max-width: 300px) 100vw, 300px\" \/><figcaption>@EnSelleDeniers<\/figcaption><\/figure><\/div>\n\n\n\n<p>Cette d\u00e9cision \u00e9mane de l<strong>\u2019Office&nbsp;public&nbsp;HLM<\/strong><em><strong>&nbsp;Toulouse M\u00e9tropole Habitat<\/strong>&nbsp;<\/em>qui condamne ainsi toutes les&nbsp; activit\u00e9s&nbsp;de l&rsquo;association, une initiative citoyenne pourtant salu\u00e9e par de tr\u00e8s nombreux acteurs et s<strong>outenue par la Fondation&nbsp;AGIR SA VIE (Fondation de France)<\/strong>, la&nbsp;Maison du V\u00e9lo&nbsp;et La&nbsp;Clavette, (le r\u00e9seau des Ateliers v\u00e9los), le Centre Social&nbsp;Alliances et Cultures, les associations&nbsp;7Anim\u00e9s&nbsp;et le&nbsp;Collectif Job.<br><\/p>\n\n\n\n<p>\u00ab\u00a0En Selle Deniers, c\u2019est pas moins de&nbsp;10 passionn\u00e9s du v\u00e9lo&nbsp;qui depuis trois ans accueillent, diagnostiquent, guident, aident, et assistent&nbsp;b\u00e9n\u00e9volement&nbsp;tous les cyclistes\u2026du d\u00e9butant de 2 ans en draisienne au champion de VTT en passant par P\u00e9p\u00e9 Jean de 82 ans qui profite du mois de mai pour sortir son Peugeot de quand il avait 20 ans\u00a0\u00bb rappelle l&rsquo;association.<\/p>\n\n\n\n<p>En Selle Deniers refuse le doublement du loyer du local Cit\u00e9 Madrid et demande \u00e0 Franck Biasotto, Pr\u00e9sident de Toulouse M\u00e9tropole Habitat,&nbsp;un loyer de 20 \u20ac par mois au lieu de 450 \u20ac.<\/p>\n\n\n\n<p><strong>Elle lance une p\u00e9tition \u00e0 signer&nbsp;<a rel=\"noreferrer noopener\" href=\"https:\/\/www.mesopinions.com\/petition\/social\/fermeture-atelier-velo-associatif-sept-deniers\/68034\" target=\"_blank\">ICI.<\/a><\/strong><br><\/p>\n\n\n\n<p><\/p>\n","protected":false},"excerpt":{"rendered":"<p>Le comit\u00e9 de quartier soutient l&rsquo;Association dont l&rsquo;Atelier v\u00e9lo associatif et toutes ses activit\u00e9s sont menac\u00e9s en raison du doublement du loyer de son local situ\u00e9 Cit\u00e9 Madrid. Cette d\u00e9cision \u00e9mane de l\u2019Office&nbsp;public&nbsp;HLM&nbsp;Toulouse M\u00e9tropole Habitat&nbsp;qui condamne ainsi toutes les&nbsp; activit\u00e9s&nbsp;de l&rsquo;association, une initiative citoyenne pourtant salu\u00e9e par de tr\u00e8s nombreux acteurs et soutenue par la <a class=\"more-link\" href=\"https:\/\/cq7d.fr\/index.php\/2019\/06\/18\/en-selle-deniers-menacee-mobilisez-vous\/\">Lire plus &#8230;<\/a><\/p>\n","protected":false},"author":3,"featured_media":727,"comment_status":"open","ping_status":"open","sticky":false,"template":"","format":"standard","meta":{"footnotes":""},"categories":[14,33,12],"tags":[50,21],"class_list":["post-726","post","type-post","status-publish","format-standard","has-post-thumbnail","hentry","category-accueil","category-actualites","category-vie-quotidienne","tag-sept-deniers","tag-velo"],"_links":{"self":[{"href":"https:\/\/cq7d.fr\/index.php\/wp-json\/wp\/v2\/posts\/726","targetHints":{"allow":["GET"]}}],"collection":[{"href":"https:\/\/cq7d.fr\/index.php\/wp-json\/wp\/v2\/posts"}],"about":[{"href":"https:\/\/cq7d.fr\/index.php\/wp-json\/wp\/v2\/types\/post"}],"author":[{"embeddable":true,"href":"https:\/\/cq7d.fr\/index.php\/wp-json\/wp\/v2\/users\/3"}],"replies":[{"embeddable":true,"href":"https:\/\/cq7d.fr\/index.php\/wp-json\/wp\/v2\/comments?post=726"}],"version-history":[{"count":3,"href":"https:\/\/cq7d.fr\/index.php\/wp-json\/wp\/v2\/posts\/726\/revisions"}],"predecessor-version":[{"id":731,"href":"https:\/\/cq7d.fr\/index.php\/wp-json\/wp\/v2\/posts\/726\/revisions\/731"}],"wp:featuredmedia":[{"embeddable":true,"href":"https:\/\/cq7d.fr\/index.php\/wp-json\/wp\/v2\/media\/727"}],"wp:attachment":[{"href":"https:\/\/cq7d.fr\/index.php\/wp-json\/wp\/v2\/media?parent=726"}],"wp:term":[{"taxonomy":"category","embeddable":true,"href":"https:\/\/cq7d.fr\/index.php\/wp-json\/wp\/v2\/categories?post=726"},{"taxonomy":"post_tag","embeddable":true,"href":"https:\/\/cq7d.fr\/index.php\/wp-json\/wp\/v2\/tags?post=726"}],"curies":[{"name":"wp","href":"https:\/\/api.w.org\/{rel}","templated":true}]}}