{"id":2126,"date":"2024-06-21T08:25:04","date_gmt":"2024-06-21T06:25:04","guid":{"rendered":"http:\/\/cq7d.fr\/?p=2126"},"modified":"2026-03-04T16:09:43","modified_gmt":"2026-03-04T15:09:43","slug":"lineo-1-vers-un-retablissement-demain","status":"publish","type":"post","link":"https:\/\/cq7d.fr\/index.php\/2024\/06\/21\/lineo-1-vers-un-retablissement-demain\/","title":{"rendered":"Lin\u00e9o 1 : vers un r\u00e9tablissement demain ?"},"content":{"rendered":"\n<p><\/p>\n\n\n\n<p>Apprenant la d\u00e9viation soudaine du Lin\u00e9o 1 et de la ligne 70, qui p\u00e9nalisait tr\u00e8s fortement les habitants du quartier, le comit\u00e9 de quartier a imm\u00e9diatement r\u00e9agi pour proposer des solutions au maire de quartier.<\/p>\n\n\n\n<p>Nous avons notamment sugg\u00e9r\u00e9 de remettre en double circulation la route de Blagnac, gr\u00e2ce \u00e0 une circulation altern\u00e9e au niveau des travaux d&rsquo;Enedis, car ce chantier n&rsquo;occupe qu&rsquo;une demi-chauss\u00e9e et ne n\u00e9cessite pas une fermeture totale.<\/p>\n\n\n\n<p>Monsieur Arsac nous a r\u00e9pondu avoir d\u00e9cid\u00e9 :<\/p>\n\n\n\n<ul class=\"wp-block-list\">\n<li>le r\u00e9tablissement d&rsquo;un sens unique route de Blagnac<\/li>\n\n\n\n<li>le r\u00e9tablissement du Lin\u00e9o aux Sept-Deniers avec l&rsquo;ouverture du chemin Roques.<\/li>\n<\/ul>\n\n\n\n<p>Selon lui, cela devrait prendre effet demain.<\/p>\n\n\n\n<p>Le comit\u00e9 de quartier d\u00e9plore cette situation qui a caus\u00e9 de fortes nuisances et du stress inutile pour les habitants. Nous alertons sur les tr\u00e8s nombreux chantiers \u00e0 venir dans le quartier, en raison non seulement de la construction de la station, mais \u00e9galement des travaux de conduite fluviale \u00e0 venir rue des tro\u00e8nes en 2025, puis de la route de Blagnac en 2026.<\/p>\n\n\n\n<p>Ces travaux doivent \u00eatre absolument \u00eatre coordonn\u00e9s par un responsable d\u00e9di\u00e9.<\/p>\n","protected":false},"excerpt":{"rendered":"<p>Apprenant la d\u00e9viation soudaine du Lin\u00e9o 1 et de la ligne 70, qui p\u00e9nalisait tr\u00e8s fortement les habitants du quartier, le comit\u00e9 de quartier a imm\u00e9diatement r\u00e9agi pour proposer des solutions au maire de quartier. Nous avons notamment sugg\u00e9r\u00e9 de remettre en double circulation la route de Blagnac, gr\u00e2ce \u00e0 une circulation altern\u00e9e au niveau <a class=\"more-link\" href=\"https:\/\/cq7d.fr\/index.php\/2024\/06\/21\/lineo-1-vers-un-retablissement-demain\/\">Lire plus &#8230;<\/a><\/p>\n","protected":false},"author":3,"featured_media":2121,"comment_status":"open","ping_status":"open","sticky":false,"template":"","format":"standard","meta":{"footnotes":""},"categories":[14,33,31,12],"tags":[],"class_list":["post-2126","post","type-post","status-publish","format-standard","has-post-thumbnail","hentry","category-accueil","category-actualites","category-services-publics","category-vie-quotidienne"],"_links":{"self":[{"href":"https:\/\/cq7d.fr\/index.php\/wp-json\/wp\/v2\/posts\/2126","targetHints":{"allow":["GET"]}}],"collection":[{"href":"https:\/\/cq7d.fr\/index.php\/wp-json\/wp\/v2\/posts"}],"about":[{"href":"https:\/\/cq7d.fr\/index.php\/wp-json\/wp\/v2\/types\/post"}],"author":[{"embeddable":true,"href":"https:\/\/cq7d.fr\/index.php\/wp-json\/wp\/v2\/users\/3"}],"replies":[{"embeddable":true,"href":"https:\/\/cq7d.fr\/index.php\/wp-json\/wp\/v2\/comments?post=2126"}],"version-history":[{"count":2,"href":"https:\/\/cq7d.fr\/index.php\/wp-json\/wp\/v2\/posts\/2126\/revisions"}],"predecessor-version":[{"id":2128,"href":"https:\/\/cq7d.fr\/index.php\/wp-json\/wp\/v2\/posts\/2126\/revisions\/2128"}],"wp:featuredmedia":[{"embeddable":true,"href":"https:\/\/cq7d.fr\/index.php\/wp-json\/wp\/v2\/media\/2121"}],"wp:attachment":[{"href":"https:\/\/cq7d.fr\/index.php\/wp-json\/wp\/v2\/media?parent=2126"}],"wp:term":[{"taxonomy":"category","embeddable":true,"href":"https:\/\/cq7d.fr\/index.php\/wp-json\/wp\/v2\/categories?post=2126"},{"taxonomy":"post_tag","embeddable":true,"href":"https:\/\/cq7d.fr\/index.php\/wp-json\/wp\/v2\/tags?post=2126"}],"curies":[{"name":"wp","href":"https:\/\/api.w.org\/{rel}","templated":true}]}}