{"id":2120,"date":"2024-06-18T14:02:30","date_gmt":"2024-06-18T12:02:30","guid":{"rendered":"http:\/\/cq7d.fr\/?p=2120"},"modified":"2026-03-04T16:09:43","modified_gmt":"2026-03-04T15:09:43","slug":"deviation-lineo-1-et-ligne-70-retablir-les-lignes-au-plus-vite","status":"publish","type":"post","link":"https:\/\/cq7d.fr\/index.php\/2024\/06\/18\/deviation-lineo-1-et-ligne-70-retablir-les-lignes-au-plus-vite\/","title":{"rendered":"D\u00e9viation Lin\u00e9o 1 et ligne 70 : r\u00e9tablir les arr\u00eats au plus vite"},"content":{"rendered":"\n<p><\/p>\n\n\n\n<p>Le comit\u00e9 de quartier a appris comme les habitants la d\u00e9viation des lignes de bus Lin\u00e9o 1 et la ligne 70 pendant plusieurs mois.<\/p>\n\n\n\n<p>La d\u00e9viation du <strong>L1 est pr\u00e9vue jusqu&rsquo;au 23 aout en direction de Salvador-Dali<\/strong> : aucun arr\u00eat du quartier, de Fourmi \u00e0 Salvador Dali, ne sera desservi. Le bus prend la rocade \u00e0 partir des Ponts-Jumeaux, pour rejoindre par la sortie Minimes l&rsquo;arr\u00eat Salvador Dali. En direction de Fonsegrives-Entiore, les arr\u00eats sont maintenus.<\/p>\n\n\n\n<p>La d\u00e9viation de <strong>la ligne 70 est pr\u00e9vue jusqu&rsquo;au 30 septembre<\/strong>. Direction Aeroconstellation les arr\u00eats Fourmi, Cit\u00e9 Mardi, Soleil d&rsquo;Or, Route de Blagnac et Pierre Mounicq ne sont pas desservis. Direction Jeanne d&rsquo;Arc les arr\u00eats Pierre Mounicq et Route de Blagnac ne sont pas desservis.<\/p>\n\n\n\n<p>Le comit\u00e9 de quartier d\u00e9plore l&rsquo;absence de concertation et d&rsquo;information sur ces mesures qui vont impacter tr\u00e8s fortement les habitants du quartier pendant la p\u00e9riode estivale, et au del\u00e0 pour le 70.<\/p>\n\n\n\n<p>Nous demandons ce que les autorit\u00e9s agissent rapidement pour que le fonctionnement normal des lignes soit r\u00e9tabli au plus vite.<\/p>\n\n\n\n<p>Nous vous tiendrons inform\u00e9s quand nous aurons plus d&rsquo;explications.<\/p>\n\n\n\n<p><\/p>\n\n\n\n<p><\/p>\n\n\n\n<p><\/p>\n\n\n\n<p><\/p>\n\n\n\n<p><\/p>\n\n\n\n<p>concertation <\/p>\n","protected":false},"excerpt":{"rendered":"<p>Le comit\u00e9 de quartier a appris comme les habitants la d\u00e9viation des lignes de bus Lin\u00e9o 1 et la ligne 70 pendant plusieurs mois. La d\u00e9viation du L1 est pr\u00e9vue jusqu&rsquo;au 23 aout en direction de Salvador-Dali : aucun arr\u00eat du quartier, de Fourmi \u00e0 Salvador Dali, ne sera desservi. Le bus prend la rocade <a class=\"more-link\" href=\"https:\/\/cq7d.fr\/index.php\/2024\/06\/18\/deviation-lineo-1-et-ligne-70-retablir-les-lignes-au-plus-vite\/\">Lire plus &#8230;<\/a><\/p>\n","protected":false},"author":3,"featured_media":2121,"comment_status":"open","ping_status":"open","sticky":false,"template":"","format":"standard","meta":{"footnotes":""},"categories":[14,33,31,6,12],"tags":[],"class_list":["post-2120","post","type-post","status-publish","format-standard","has-post-thumbnail","hentry","category-accueil","category-actualites","category-services-publics","category-urbanisme","category-vie-quotidienne"],"_links":{"self":[{"href":"https:\/\/cq7d.fr\/index.php\/wp-json\/wp\/v2\/posts\/2120","targetHints":{"allow":["GET"]}}],"collection":[{"href":"https:\/\/cq7d.fr\/index.php\/wp-json\/wp\/v2\/posts"}],"about":[{"href":"https:\/\/cq7d.fr\/index.php\/wp-json\/wp\/v2\/types\/post"}],"author":[{"embeddable":true,"href":"https:\/\/cq7d.fr\/index.php\/wp-json\/wp\/v2\/users\/3"}],"replies":[{"embeddable":true,"href":"https:\/\/cq7d.fr\/index.php\/wp-json\/wp\/v2\/comments?post=2120"}],"version-history":[{"count":3,"href":"https:\/\/cq7d.fr\/index.php\/wp-json\/wp\/v2\/posts\/2120\/revisions"}],"predecessor-version":[{"id":2125,"href":"https:\/\/cq7d.fr\/index.php\/wp-json\/wp\/v2\/posts\/2120\/revisions\/2125"}],"wp:featuredmedia":[{"embeddable":true,"href":"https:\/\/cq7d.fr\/index.php\/wp-json\/wp\/v2\/media\/2121"}],"wp:attachment":[{"href":"https:\/\/cq7d.fr\/index.php\/wp-json\/wp\/v2\/media?parent=2120"}],"wp:term":[{"taxonomy":"category","embeddable":true,"href":"https:\/\/cq7d.fr\/index.php\/wp-json\/wp\/v2\/categories?post=2120"},{"taxonomy":"post_tag","embeddable":true,"href":"https:\/\/cq7d.fr\/index.php\/wp-json\/wp\/v2\/tags?post=2120"}],"curies":[{"name":"wp","href":"https:\/\/api.w.org\/{rel}","templated":true}]}}