{"id":1864,"date":"2023-05-28T16:35:18","date_gmt":"2023-05-28T14:35:18","guid":{"rendered":"http:\/\/cq7d.fr\/?p=1864"},"modified":"2026-03-04T16:09:17","modified_gmt":"2026-03-04T15:09:17","slug":"urbanisme-le-cq7d-mobilise-les-dernieres-infos","status":"publish","type":"post","link":"https:\/\/cq7d.fr\/index.php\/2023\/05\/28\/urbanisme-le-cq7d-mobilise-les-dernieres-infos\/","title":{"rendered":"Urbanisme : le CQ7D mobilis\u00e9, les derni\u00e8res infos"},"content":{"rendered":"\n<p><\/p>\n\n\n\n<p>Le comit\u00e9 a particip\u00e9 le 15 mai \u00e0 une r\u00e9union avec le service d&rsquo;urbanisme de la mairie de Toulouse et personnes en charge du Plan local d&rsquo;urbanisme intercommunal\u00a0et habitat (PLUIH).<\/p>\n\n\n\n<p>Nous savons que l&rsquo;\u00e9tude urbaine va prendre en compte des questions d\u2019am\u00e9nagements rapides mais aussi une r\u00e9flexion sur le temps long :\u00a0<\/p>\n\n\n\n<p>&#8211; l\u2019am\u00e9nagement autour du m\u00e9tro &#8211; le secteur d\u2019\u00e9tude d\u2019impact sur la moiti\u00e9 du quartier &#8211; le quartier et ses abords &#8211; le tout int\u00e9gr\u00e9 dans un secteur plus large sur les 3 s\u00e9quences des sorties de m\u00e9tro &#8211; Blagnac &#8211; 7 deniers \u2013 Ponts jumeaux<\/p>\n\n\n\n<p><\/p>\n\n\n\n<p>Deux \u00e9tudes compl\u00e9mentaires seront men\u00e9es.<\/p>\n\n\n\n<p>Nous avons rappel\u00e9 notre volont\u00e9 d&rsquo;\u00eatre pleinement associ\u00e9s et consult\u00e9s d\u00e8s la premi\u00e8re phase d&rsquo;analyse, une demande valid\u00e9e pr\u00e9c\u00e9demment par le maire Olivier Arsac.<\/p>\n\n\n\n<p><strong>Le PLUIH<\/strong><\/p>\n\n\n\n<p><strong>La restitution \u00e0 l\u2019\u00e9chelle des secteurs est pr\u00e9vue en d\u00e9cembre 2023 &#8211; l\u2019arr\u00eat du PLUIH pour avril 2024 &#8211; L\u2019enqu\u00eate publique pour la fin 2024 \u2013 Approbation en 2025<\/strong><\/p>\n\n\n\n<p>De mani\u00e8re g\u00e9n\u00e9rale, les \u00e9volutions qui pourraient \u00eatre envisag\u00e9es sur le quartier le seront \u00e0 partir du travail sur les \u00e9tudes urbaines. <\/p>\n\n\n\n<p>&#8211; Deux sites seront \u00e9tudi\u00e9s en priorit\u00e9 pour une \u00e9volution : &nbsp;<\/p>\n\n\n\n<p><strong>Chabrillac\u00a0<\/strong>:  comment densifier et implanter une \u00e9cole sur ce site. \u00a0La justification est que les permis ne seraient plus autoris\u00e9s car il n&rsquo;y a pas assez de places dans les \u00e9coles du quartier. Complexit\u00e9 aussi li\u00e9e \u00e0 la question de l\u2019inondabilit\u00e9 dans le secteur.<\/p>\n\n\n\n<p>Nous avons demand\u00e9 d\u2019\u00eatre associ\u00e9 \u00e0 ce sujet, ainsi qu&rsquo;\u00a0un relev\u00e9 de l\u2019environnement actuel naturel et arbor\u00e9 sur ce site.\u00a0<\/p>\n\n\n\n<p><strong>Stade toulousain :<\/strong>\u00a0le projet de Cit\u00e9 des rugbys concernerait \u00e0 priori uniquement pour l\u2019instant l&rsquo;agrandissement de la tribune.<\/p>\n\n\n\n<p>Nous souhaitons en savoir plus et \u00eatre associ\u00e9s.<\/p>\n\n\n\n<p><strong>D\u00e9placements m\u00e9tro et modes doux :<\/strong>\u00a0\u00a0<\/p>\n\n\n\n<p>Pour le bas de la digue, d\u00e9marrage des \u00e9tudes g\u00e9n\u00e9rales : inventaire naturaliste \u00a0(1 an, 2024) et programmation d\u2019am\u00e9nagements (agence d\u2019urbanisme en 2025) pas d\u2019\u00e9tudes techniques pour l\u2019instant &#8230; et une r\u00e9alisation estim\u00e9e pour 2026-2032 pour un budget d&rsquo;environ 8 \u00e0 10 millions d&rsquo;\u20ac.\u00a0\u00a0<\/p>\n\n\n\n<p><strong>Espaces de nature\u00a0<\/strong>: nous avons redit que presque rien n\u2019avait \u00e9t\u00e9 pris en compte de nos demandes en 2019, que nous refaisons cette demande et que nous allions aussi y rajouter les arbres remarquables.Nous pensons qu&rsquo;il serait \u00e9galement int\u00e9ressant de proposer des coeurs d\u2019ilots qui sont aussi des ilots de fraicheur.<\/p>\n\n\n\n<p><strong>Inondations \/ Garonne\u00a0<\/strong><\/p>\n\n\n\n<p>Pas d\u2019\u00e9volutions du PPRI \u00e0 la connaissance du service PLUIH, les possibilit\u00e9s de constructibilit\u00e9 restent \u00e0 priori les m\u00eames (y compris pouvoir construire comme sur b\u00e2timents JOB \u00e0 Chabrillac ) \u00a0<\/p>\n\n\n\n<p><\/p>\n","protected":false},"excerpt":{"rendered":"<p>Le comit\u00e9 a particip\u00e9 le 15 mai \u00e0 une r\u00e9union avec le service d&rsquo;urbanisme de la mairie de Toulouse et personnes en charge du Plan local d&rsquo;urbanisme intercommunal\u00a0et habitat (PLUIH). Nous savons que l&rsquo;\u00e9tude urbaine va prendre en compte des questions d\u2019am\u00e9nagements rapides mais aussi une r\u00e9flexion sur le temps long :\u00a0 &#8211; l\u2019am\u00e9nagement autour <a class=\"more-link\" href=\"https:\/\/cq7d.fr\/index.php\/2023\/05\/28\/urbanisme-le-cq7d-mobilise-les-dernieres-infos\/\">Lire plus &#8230;<\/a><\/p>\n","protected":false},"author":3,"featured_media":54,"comment_status":"open","ping_status":"open","sticky":false,"template":"","format":"standard","meta":{"footnotes":""},"categories":[14,33,6],"tags":[],"class_list":["post-1864","post","type-post","status-publish","format-standard","has-post-thumbnail","hentry","category-accueil","category-actualites","category-urbanisme"],"_links":{"self":[{"href":"https:\/\/cq7d.fr\/index.php\/wp-json\/wp\/v2\/posts\/1864","targetHints":{"allow":["GET"]}}],"collection":[{"href":"https:\/\/cq7d.fr\/index.php\/wp-json\/wp\/v2\/posts"}],"about":[{"href":"https:\/\/cq7d.fr\/index.php\/wp-json\/wp\/v2\/types\/post"}],"author":[{"embeddable":true,"href":"https:\/\/cq7d.fr\/index.php\/wp-json\/wp\/v2\/users\/3"}],"replies":[{"embeddable":true,"href":"https:\/\/cq7d.fr\/index.php\/wp-json\/wp\/v2\/comments?post=1864"}],"version-history":[{"count":2,"href":"https:\/\/cq7d.fr\/index.php\/wp-json\/wp\/v2\/posts\/1864\/revisions"}],"predecessor-version":[{"id":1866,"href":"https:\/\/cq7d.fr\/index.php\/wp-json\/wp\/v2\/posts\/1864\/revisions\/1866"}],"wp:featuredmedia":[{"embeddable":true,"href":"https:\/\/cq7d.fr\/index.php\/wp-json\/wp\/v2\/media\/54"}],"wp:attachment":[{"href":"https:\/\/cq7d.fr\/index.php\/wp-json\/wp\/v2\/media?parent=1864"}],"wp:term":[{"taxonomy":"category","embeddable":true,"href":"https:\/\/cq7d.fr\/index.php\/wp-json\/wp\/v2\/categories?post=1864"},{"taxonomy":"post_tag","embeddable":true,"href":"https:\/\/cq7d.fr\/index.php\/wp-json\/wp\/v2\/tags?post=1864"}],"curies":[{"name":"wp","href":"https:\/\/api.w.org\/{rel}","templated":true}]}}