{"id":1854,"date":"2023-05-28T16:03:36","date_gmt":"2023-05-28T14:03:36","guid":{"rendered":"http:\/\/cq7d.fr\/?p=1854"},"modified":"2026-03-04T16:09:17","modified_gmt":"2026-03-04T15:09:17","slug":"laissez-la-nature-en-vie-sur-les-trottoirs","status":"publish","type":"post","link":"https:\/\/cq7d.fr\/index.php\/2023\/05\/28\/laissez-la-nature-en-vie-sur-les-trottoirs\/","title":{"rendered":"Laissez la nature en vie sur les trottoirs !"},"content":{"rendered":"\n<p><\/p>\n\n\n\n<p>Dans notre ville extr\u00eamement chaude l&rsquo;\u00e9t\u00e9, la pr\u00e9servation de la nature est une priorit\u00e9.<\/p>\n\n\n\n<p>Voyez ces petites fleurs qui poussent sur nos trottoirs mais qui sont parfois \u00e9radiqu\u00e9es par les services de la ville (photo d&rsquo;une adh\u00e9rente) !<\/p>\n\n\n\n<p>Laissez-les pousser !<\/p>\n\n\n\n<p>Ouvrons des espaces pour leur permettre de s&rsquo;\u00e9panouir et de nous amener de la bioversit\u00e9 !<\/p>\n\n\n\n<p>Pour en savoir plus sur l&rsquo;impact de la nature en ville, venez participer \u00e0 la promenade botanique le 3 juin \u00e0 partir de 10h30 (rendez-vous Place Job) qui va aller \u00e0 la reconnaissance des plantes sur les trottoirs.<\/p>\n\n\n\n<p>Avant et apr\u00e8s<\/p>\n\n\n\n<figure class=\"wp-block-image size-large\"><img loading=\"lazy\" decoding=\"async\" width=\"1024\" height=\"577\" src=\"https:\/\/cq7d.fr\/wp-content\/uploads\/2023\/05\/WhatsApp-Image-2023-05-23-at-20.08.00-1-1024x577.jpeg\" alt=\"\" class=\"wp-image-1858\" srcset=\"https:\/\/cq7d.fr\/wp-content\/uploads\/2023\/05\/WhatsApp-Image-2023-05-23-at-20.08.00-1-1024x577.jpeg 1024w, https:\/\/cq7d.fr\/wp-content\/uploads\/2023\/05\/WhatsApp-Image-2023-05-23-at-20.08.00-1-300x169.jpeg 300w, https:\/\/cq7d.fr\/wp-content\/uploads\/2023\/05\/WhatsApp-Image-2023-05-23-at-20.08.00-1-768x432.jpeg 768w, https:\/\/cq7d.fr\/wp-content\/uploads\/2023\/05\/WhatsApp-Image-2023-05-23-at-20.08.00-1-1536x865.jpeg 1536w, https:\/\/cq7d.fr\/wp-content\/uploads\/2023\/05\/WhatsApp-Image-2023-05-23-at-20.08.00-1-350x197.jpeg 350w, https:\/\/cq7d.fr\/wp-content\/uploads\/2023\/05\/WhatsApp-Image-2023-05-23-at-20.08.00-1-528x297.jpeg 528w, https:\/\/cq7d.fr\/wp-content\/uploads\/2023\/05\/WhatsApp-Image-2023-05-23-at-20.08.00-1-860x484.jpeg 860w, https:\/\/cq7d.fr\/wp-content\/uploads\/2023\/05\/WhatsApp-Image-2023-05-23-at-20.08.00-1.jpeg 2048w\" sizes=\"auto, (max-width: 1024px) 100vw, 1024px\" \/><\/figure>\n\n\n<div class=\"wp-block-image\">\n<figure class=\"aligncenter size-large\"><img loading=\"lazy\" decoding=\"async\" width=\"577\" height=\"1024\" src=\"https:\/\/cq7d.fr\/wp-content\/uploads\/2023\/05\/WhatsApp-Image-2023-05-23-at-20.08.06-2-577x1024.jpeg\" alt=\"\" class=\"wp-image-1859\" srcset=\"https:\/\/cq7d.fr\/wp-content\/uploads\/2023\/05\/WhatsApp-Image-2023-05-23-at-20.08.06-2-577x1024.jpeg 577w, https:\/\/cq7d.fr\/wp-content\/uploads\/2023\/05\/WhatsApp-Image-2023-05-23-at-20.08.06-2-169x300.jpeg 169w, https:\/\/cq7d.fr\/wp-content\/uploads\/2023\/05\/WhatsApp-Image-2023-05-23-at-20.08.06-2-768x1364.jpeg 768w, https:\/\/cq7d.fr\/wp-content\/uploads\/2023\/05\/WhatsApp-Image-2023-05-23-at-20.08.06-2-865x1536.jpeg 865w, https:\/\/cq7d.fr\/wp-content\/uploads\/2023\/05\/WhatsApp-Image-2023-05-23-at-20.08.06-2.jpeg 1153w\" sizes=\"auto, (max-width: 577px) 100vw, 577px\" \/><\/figure>\n<\/div>","protected":false},"excerpt":{"rendered":"<p>Dans notre ville extr\u00eamement chaude l&rsquo;\u00e9t\u00e9, la pr\u00e9servation de la nature est une priorit\u00e9. Voyez ces petites fleurs qui poussent sur nos trottoirs mais qui sont parfois \u00e9radiqu\u00e9es par les services de la ville (photo d&rsquo;une adh\u00e9rente) ! Laissez-les pousser ! Ouvrons des espaces pour leur permettre de s&rsquo;\u00e9panouir et de nous amener de la <a class=\"more-link\" href=\"https:\/\/cq7d.fr\/index.php\/2023\/05\/28\/laissez-la-nature-en-vie-sur-les-trottoirs\/\">Lire plus &#8230;<\/a><\/p>\n","protected":false},"author":3,"featured_media":1855,"comment_status":"open","ping_status":"open","sticky":false,"template":"","format":"standard","meta":{"footnotes":""},"categories":[14,33,52],"tags":[],"class_list":["post-1854","post","type-post","status-publish","format-standard","has-post-thumbnail","hentry","category-accueil","category-actualites","category-environnement"],"_links":{"self":[{"href":"https:\/\/cq7d.fr\/index.php\/wp-json\/wp\/v2\/posts\/1854","targetHints":{"allow":["GET"]}}],"collection":[{"href":"https:\/\/cq7d.fr\/index.php\/wp-json\/wp\/v2\/posts"}],"about":[{"href":"https:\/\/cq7d.fr\/index.php\/wp-json\/wp\/v2\/types\/post"}],"author":[{"embeddable":true,"href":"https:\/\/cq7d.fr\/index.php\/wp-json\/wp\/v2\/users\/3"}],"replies":[{"embeddable":true,"href":"https:\/\/cq7d.fr\/index.php\/wp-json\/wp\/v2\/comments?post=1854"}],"version-history":[{"count":1,"href":"https:\/\/cq7d.fr\/index.php\/wp-json\/wp\/v2\/posts\/1854\/revisions"}],"predecessor-version":[{"id":1860,"href":"https:\/\/cq7d.fr\/index.php\/wp-json\/wp\/v2\/posts\/1854\/revisions\/1860"}],"wp:featuredmedia":[{"embeddable":true,"href":"https:\/\/cq7d.fr\/index.php\/wp-json\/wp\/v2\/media\/1855"}],"wp:attachment":[{"href":"https:\/\/cq7d.fr\/index.php\/wp-json\/wp\/v2\/media?parent=1854"}],"wp:term":[{"taxonomy":"category","embeddable":true,"href":"https:\/\/cq7d.fr\/index.php\/wp-json\/wp\/v2\/categories?post=1854"},{"taxonomy":"post_tag","embeddable":true,"href":"https:\/\/cq7d.fr\/index.php\/wp-json\/wp\/v2\/tags?post=1854"}],"curies":[{"name":"wp","href":"https:\/\/api.w.org\/{rel}","templated":true}]}}