{"id":1402,"date":"2021-09-10T10:31:46","date_gmt":"2021-09-10T08:31:46","guid":{"rendered":"http:\/\/cq7d.fr\/?p=1402"},"modified":"2026-03-04T16:08:20","modified_gmt":"2026-03-04T15:08:20","slug":"rendez-vous-a-job-les-1-2-3-octobre","status":"publish","type":"post","link":"https:\/\/cq7d.fr\/index.php\/2021\/09\/10\/rendez-vous-a-job-les-1-2-3-octobre\/","title":{"rendered":"Rendez-vous \u00e0 JOB les 1\/2\/3 octobre !"},"content":{"rendered":"\n<p>Les festivit\u00e9s pour c\u00e9l\u00e9brer le double anniversaire de JOB commencent dans moins d&rsquo;un mois ! <\/p>\n\n\n\n<p>Le comit\u00e9 de quartier a activement particip\u00e9, sous la houlette de Fran\u00e7ois Coulomb membre de la commission histoire, \u00e0 l&rsquo;organisation de cette saison anniversaire avec le Collectif Job pr\u00e9vu d&rsquo;octobre \u00e0 juin 2022.  Plusieurs temps forts seront organis\u00e9s pour cet \u00e9v\u00e9nement intitul\u00e9 \u00ab\u00a0F\u00eate de la place \u00e0 Job !\u00a0\u00bb<\/p>\n\n\n\n<p>Les 1er\/2\/3 octobre les bougies seront souffl\u00e9es avec de nombreuses festivit\u00e9s. <\/p>\n\n\n\n<p>Nous vous invitons d\u00e8s le <strong>vendredi 1er octobre<\/strong> \u00e0 d\u00e9couvrir une exposition de photographies, sous la direction de Yutharie Gal Ong, retra\u00e7ant l&rsquo;histoire de l&rsquo;implantation de l&rsquo;usine aux Sept-Deniers, la vie de l&rsquo;usine, le combat pour son maintien, suivi du combat pour la sauvegarde du b\u00e2timent et un projet social, culturel et citoyen.<\/p>\n\n\n\n<p>Nous vous annon\u00e7ons \u00e9galement la prochaine parution du livre \u00ab\u00a0<strong>JOB SEPT-DENIERS, de l&rsquo;usine \u00e0 l&rsquo;espace citoyen<\/strong>\u00ab\u00a0.<\/p>\n\n\n\n<p>Cet ouvrage, <strong>pr\u00e9fac\u00e9 par Magyd Cherfi<\/strong> et avec de nombreuses contributions, se veut tr\u00e8s vivant et tr\u00e8s accessible et int\u00e9ressera tous les f\u00e9rus d\u2019histoire, les amoureux de Toulouse, les personnes engag\u00e9es dans leur quartier, les utopistes, les inconditionnels de l\u2019\u00e9ducation populaire ou encore les jeunes g\u00e9n\u00e9rations intrigu\u00e9es par ce grand vaisseau amiral blanc et rouge au coeur des Sept-Deniers.<\/p>\n\n\n\n<p>Edit\u00e9 par le Collectif Job, il sera tr\u00e8s prochainement mis en vente au prix de 10 euros.<\/p>\n\n\n\n<p><\/p>\n","protected":false},"excerpt":{"rendered":"<p>Les festivit\u00e9s pour c\u00e9l\u00e9brer le double anniversaire de JOB commencent dans moins d&rsquo;un mois ! Le comit\u00e9 de quartier a activement particip\u00e9, sous la houlette de Fran\u00e7ois Coulomb membre de la commission histoire, \u00e0 l&rsquo;organisation de cette saison anniversaire avec le Collectif Job pr\u00e9vu d&rsquo;octobre \u00e0 juin 2022. Plusieurs temps forts seront organis\u00e9s pour cet <a class=\"more-link\" href=\"https:\/\/cq7d.fr\/index.php\/2021\/09\/10\/rendez-vous-a-job-les-1-2-3-octobre\/\">Lire plus &#8230;<\/a><\/p>\n","protected":false},"author":3,"featured_media":203,"comment_status":"open","ping_status":"open","sticky":false,"template":"","format":"standard","meta":{"footnotes":""},"categories":[33],"tags":[],"class_list":["post-1402","post","type-post","status-publish","format-standard","has-post-thumbnail","hentry","category-actualites"],"_links":{"self":[{"href":"https:\/\/cq7d.fr\/index.php\/wp-json\/wp\/v2\/posts\/1402","targetHints":{"allow":["GET"]}}],"collection":[{"href":"https:\/\/cq7d.fr\/index.php\/wp-json\/wp\/v2\/posts"}],"about":[{"href":"https:\/\/cq7d.fr\/index.php\/wp-json\/wp\/v2\/types\/post"}],"author":[{"embeddable":true,"href":"https:\/\/cq7d.fr\/index.php\/wp-json\/wp\/v2\/users\/3"}],"replies":[{"embeddable":true,"href":"https:\/\/cq7d.fr\/index.php\/wp-json\/wp\/v2\/comments?post=1402"}],"version-history":[{"count":1,"href":"https:\/\/cq7d.fr\/index.php\/wp-json\/wp\/v2\/posts\/1402\/revisions"}],"predecessor-version":[{"id":1403,"href":"https:\/\/cq7d.fr\/index.php\/wp-json\/wp\/v2\/posts\/1402\/revisions\/1403"}],"wp:featuredmedia":[{"embeddable":true,"href":"https:\/\/cq7d.fr\/index.php\/wp-json\/wp\/v2\/media\/203"}],"wp:attachment":[{"href":"https:\/\/cq7d.fr\/index.php\/wp-json\/wp\/v2\/media?parent=1402"}],"wp:term":[{"taxonomy":"category","embeddable":true,"href":"https:\/\/cq7d.fr\/index.php\/wp-json\/wp\/v2\/categories?post=1402"},{"taxonomy":"post_tag","embeddable":true,"href":"https:\/\/cq7d.fr\/index.php\/wp-json\/wp\/v2\/tags?post=1402"}],"curies":[{"name":"wp","href":"https:\/\/api.w.org\/{rel}","templated":true}]}}