{"id":1361,"date":"2021-07-05T08:03:03","date_gmt":"2021-07-05T06:03:03","guid":{"rendered":"http:\/\/cq7d.fr\/?p=1361"},"modified":"2026-03-04T16:08:20","modified_gmt":"2026-03-04T15:08:20","slug":"reunion-mensuelle-mardi-6-juillet-a-18h30","status":"publish","type":"post","link":"https:\/\/cq7d.fr\/index.php\/2021\/07\/05\/reunion-mensuelle-mardi-6-juillet-a-18h30\/","title":{"rendered":"R\u00e9union mensuelle mardi 6 juillet \u00e0 18h30"},"content":{"rendered":"\n<p>Nous nous retrouverons pour la derni\u00e8re r\u00e9union mensuelle du Comit\u00e9 de Quartier des 7 Deniers le\u00a0<strong>mardi 6 juillet \u00e0 18h30 sur le patio de Job<\/strong>\u00a0(en haut des marches).<\/p>\n\n\n\n<p>Pour rappel, les r\u00e9unions mensuelles sont ouvertes aux\u00a0<a rel=\"noreferrer noopener\" href=\"http:\/\/xn--adhrent-dya.es\/\" target=\"_blank\">adh\u00e9rent.es<\/a>\u00a0et\u00a0<a rel=\"noreferrer noopener\" href=\"http:\/\/habitant.es\/\" target=\"_blank\">habitant.es<\/a>\u00a0qui souhaitent participer \u00e0 la vie et aux projets du quartier ! Vous \u00eates de plus en plus nombreux et nous vous en remercions !<\/p>\n\n\n\n<p>Au menu de cette derni\u00e8re r\u00e9union avant la pause estivale&nbsp;<img decoding=\"async\" alt=\"\ud83d\ude0e\" src=\"https:\/\/mail.google.com\/mail\/e\/1f60e\">&nbsp;:&nbsp;<\/p>\n\n\n\n<p><img decoding=\"async\" alt=\"\ud83c\udf33\" src=\"https:\/\/mail.google.com\/mail\/e\/1f333\"><strong>Environnement &amp; Espaces Verts<\/strong>&nbsp;:&nbsp;<\/p>\n\n\n\n<ul class=\"wp-block-list\"><li>Retour sur les travaux du groupe \u00ab\u00a0Environnement\u00a0\u00bb et des \u00e9tudiantes en&nbsp;g\u00e9ographie et am\u00e9nagement du territoire<\/li><li><img decoding=\"async\" alt=\"\ud83d\udcdd\" src=\"https:\/\/mail.google.com\/mail\/e\/1f4dd\">&nbsp;Vous pouvez encore r\u00e9pondre au questionnaire sur vos usages et propositions concernant les espaces verts du quartier :&nbsp;<a href=\"https:\/\/sphinxdeclic.com\/d\/s\/y88jtk\" target=\"_blank\" rel=\"noreferrer noopener\">https:\/\/sphinxdeclic.com\/d\/s\/y88jtk<\/a><\/li><\/ul>\n\n\n\n<p><strong>Mobilit\u00e9 :<\/strong><\/p>\n\n\n\n<ul class=\"wp-block-list\"><li>R\u00e9ponse \u00e0 l\u2019enqu\u00eate publique \u00ab&nbsp;enqu\u00eate parcellaire&nbsp;\u00bb sur la 3<sup>\u00e8me<\/sup>&nbsp;ligne TAE et r\u00e9ponse \u00e0 la consultation sur la ZFE (zones \u00e0 faibles \u00e9missions)<\/li><li>Retour sur les travaux du groupe \u00ab\u00a0Mobilit\u00e9\u00a0\u00bb<\/li><li><img decoding=\"async\" alt=\"\ud83d\udcdd\" src=\"https:\/\/mail.google.com\/mail\/e\/1f4dd\">&nbsp;Vous pouvez encore r\u00e9pondre au questionnaire sur vos usages et propositions concernant la mobilit\u00e9 dans le quartier :&nbsp;<a href=\"https:\/\/urlz.fr\/g3GD\" target=\"_blank\" rel=\"noreferrer noopener\">https:\/\/urlz.fr\/g3GD<\/a><\/li><\/ul>\n\n\n\n<p><strong>Projets sur le quartier :<\/strong><\/p>\n\n\n\n<ul class=\"wp-block-list\"><li>Cit\u00e9 des rugbys<\/li><\/ul>\n\n\n\n<p><strong>&nbsp;Collectif Job<\/strong>&nbsp;(anniversaires \u00e0 venir, projet artistique de la Cie La Baraque, n\u00e9gociations Ville \/ Collectif&#8230;)<br><strong><\/strong><strong>Vie statutaire<\/strong>&nbsp;(AG \u00e0 organiser&#8230;)<br><strong>&nbsp;Dates \u00e0 retenir :&nbsp;<\/strong><\/p>\n\n\n\n<ul class=\"wp-block-list\"><li>Festival Le Vent se l\u00e8ve : 10 &amp; 11 juillet (recherche de b\u00e9n\u00e9voles)<\/li><li>Bal populaire et r\u00e9publicain : 13 juillet<\/li><li>Prochaine r\u00e9union mensuelle du Comit\u00e9 de quartier (1er mardi de chaque mois) : 7 septembre<\/li><li>Repas de quartier : 10 septembre<\/li><li>Anniversaires Job : Du 1er au 3 octobre<\/li><\/ul>\n\n\n\n<p><\/p>\n","protected":false},"excerpt":{"rendered":"<p>Nous nous retrouverons pour la derni\u00e8re r\u00e9union mensuelle du Comit\u00e9 de Quartier des 7 Deniers le\u00a0mardi 6 juillet \u00e0 18h30 sur le patio de Job\u00a0(en haut des marches). Pour rappel, les r\u00e9unions mensuelles sont ouvertes aux\u00a0adh\u00e9rent.es\u00a0et\u00a0habitant.es\u00a0qui souhaitent participer \u00e0 la vie et aux projets du quartier ! Vous \u00eates de plus en plus nombreux et <a class=\"more-link\" href=\"https:\/\/cq7d.fr\/index.php\/2021\/07\/05\/reunion-mensuelle-mardi-6-juillet-a-18h30\/\">Lire plus &#8230;<\/a><\/p>\n","protected":false},"author":3,"featured_media":0,"comment_status":"open","ping_status":"open","sticky":false,"template":"","format":"standard","meta":{"footnotes":""},"categories":[33],"tags":[],"class_list":["post-1361","post","type-post","status-publish","format-standard","hentry","category-actualites"],"_links":{"self":[{"href":"https:\/\/cq7d.fr\/index.php\/wp-json\/wp\/v2\/posts\/1361","targetHints":{"allow":["GET"]}}],"collection":[{"href":"https:\/\/cq7d.fr\/index.php\/wp-json\/wp\/v2\/posts"}],"about":[{"href":"https:\/\/cq7d.fr\/index.php\/wp-json\/wp\/v2\/types\/post"}],"author":[{"embeddable":true,"href":"https:\/\/cq7d.fr\/index.php\/wp-json\/wp\/v2\/users\/3"}],"replies":[{"embeddable":true,"href":"https:\/\/cq7d.fr\/index.php\/wp-json\/wp\/v2\/comments?post=1361"}],"version-history":[{"count":1,"href":"https:\/\/cq7d.fr\/index.php\/wp-json\/wp\/v2\/posts\/1361\/revisions"}],"predecessor-version":[{"id":1362,"href":"https:\/\/cq7d.fr\/index.php\/wp-json\/wp\/v2\/posts\/1361\/revisions\/1362"}],"wp:attachment":[{"href":"https:\/\/cq7d.fr\/index.php\/wp-json\/wp\/v2\/media?parent=1361"}],"wp:term":[{"taxonomy":"category","embeddable":true,"href":"https:\/\/cq7d.fr\/index.php\/wp-json\/wp\/v2\/categories?post=1361"},{"taxonomy":"post_tag","embeddable":true,"href":"https:\/\/cq7d.fr\/index.php\/wp-json\/wp\/v2\/tags?post=1361"}],"curies":[{"name":"wp","href":"https:\/\/api.w.org\/{rel}","templated":true}]}}